{"id":3240,"date":"2024-03-06T17:57:01","date_gmt":"2024-03-06T16:57:01","guid":{"rendered":"http:\/\/leipzigpluskultur.de\/?p=3240"},"modified":"2024-03-06T18:02:06","modified_gmt":"2024-03-06T17:02:06","slug":"traurige-nachricht-fuer-die-freie-szene","status":"publish","type":"post","link":"http:\/\/leipzigpluskultur.de\/en\/traurige-nachricht-fuer-die-freie-szene\/","title":{"rendered":"Traurige Nachricht f\u00fcr die Freie Szene"},"content":{"rendered":"<p>Tief best\u00fcrzt haben wir vom pl\u00f6tzlichen Tod unseres Kollegen Karsten Kriesel erfahren und sind noch immer fassungslos.<\/p>\n\n\n\n<p>Karsten, vielen sicher bekannt als gesch\u00e4tzter Dramaturg f\u00fcr zahlreiche freie Leipziger Theatergruppen und Ensembles sowie als Produktionsleiter f\u00fcr Konzerte und Kritiker in der Musikszene, hat seit Ende 2022 die \u00d6ffentlichkeitsarbeit f\u00fcr Leipzig + Kultur neu konzipiert, strukturiert und die neue Webseite auf den Weg gebracht.<\/p>\n\n\n\n<p>Er hat mit der Neuauflage eines regelm\u00e4\u00dfigen Newsletters die Projekte, Themen und Aktionen von Leipzig + Kultur in die Freie Szene kommuniziert, war zuverl\u00e4ssiger Ansprechpartner f\u00fcr Medienanfragen und f\u00fcr uns eine wertvolle Unterst\u00fctzung in der Kommunikation nach au\u00dfen.<\/p>\n\n\n\n<p>Karsten wird uns mit seiner freundlichen und offenen Art sehr fehlen!<\/p>\n\n\n\n<p>Unser herzliches Beileid und tiefes Mitgef\u00fchl gelten der Familie, allen Angeh\u00f6rigen, Freunden und Kollegen!<\/p>","protected":false},"excerpt":{"rendered":"<p>Tief best\u00fcrzt haben wir vom pl\u00f6tzlichen Tod unseres Kollegen Karsten Kriesel erfahren und sind noch immer fassungslos. Karsten, vielen sicher bekannt als gesch\u00e4tzter Dramaturg f\u00fcr zahlreiche freie Leipziger Theatergruppen und Ensembles sowie als Produktionsleiter f\u00fcr Konzerte und Kritiker in der Musikszene, hat seit Ende 2022 die \u00d6ffentlichkeitsarbeit f\u00fcr Leipzig + Kultur neu konzipiert, strukturiert und&#8230;<\/p>","protected":false},"author":5,"featured_media":0,"comment_status":"open","ping_status":"0","sticky":false,"template":"","format":"standard","meta":{"_kad_post_transparent":"","_kad_post_title":"","_kad_post_layout":"","_kad_post_sidebar_id":"","_kad_post_content_style":"","_kad_post_vertical_padding":"","_kad_post_feature":"","_kad_post_feature_position":"","_kad_post_header":false,"_kad_post_footer":false,"_jetpack_memberships_contains_paid_content":false,"footnotes":""},"categories":[120],"tags":[743,745,744],"class_list":["post-3240","post","type-post","status-publish","format-standard","hentry","category-news","tag-karsten-kriesel","tag-kommunikation","tag-oeffentlichkeitsarbeit"],"jetpack_featured_media_url":"","jetpack_sharing_enabled":true,"_links":{"self":[{"href":"http:\/\/leipzigpluskultur.de\/en\/wp-json\/wp\/v2\/posts\/3240","targetHints":{"allow":["GET"]}}],"collection":[{"href":"http:\/\/leipzigpluskultur.de\/en\/wp-json\/wp\/v2\/posts"}],"about":[{"href":"http:\/\/leipzigpluskultur.de\/en\/wp-json\/wp\/v2\/types\/post"}],"author":[{"embeddable":true,"href":"http:\/\/leipzigpluskultur.de\/en\/wp-json\/wp\/v2\/users\/5"}],"replies":[{"embeddable":true,"href":"http:\/\/leipzigpluskultur.de\/en\/wp-json\/wp\/v2\/comments?post=3240"}],"version-history":[{"count":2,"href":"http:\/\/leipzigpluskultur.de\/en\/wp-json\/wp\/v2\/posts\/3240\/revisions"}],"predecessor-version":[{"id":3242,"href":"http:\/\/leipzigpluskultur.de\/en\/wp-json\/wp\/v2\/posts\/3240\/revisions\/3242"}],"wp:attachment":[{"href":"http:\/\/leipzigpluskultur.de\/en\/wp-json\/wp\/v2\/media?parent=3240"}],"wp:term":[{"taxonomy":"category","embeddable":true,"href":"http:\/\/leipzigpluskultur.de\/en\/wp-json\/wp\/v2\/categories?post=3240"},{"taxonomy":"post_tag","embeddable":true,"href":"http:\/\/leipzigpluskultur.de\/en\/wp-json\/wp\/v2\/tags?post=3240"}],"curies":[{"name":"wp","href":"https:\/\/api.w.org\/{rel}","templated":true}]}}